{"id":538,"date":"2022-02-16T14:49:13","date_gmt":"2022-02-16T12:49:13","guid":{"rendered":"https:\/\/www.silmasaatio.fi\/kansainvalinen-silmapatologipalkinto-professori-tero-kivelalle\/"},"modified":"2024-11-22T11:11:51","modified_gmt":"2024-11-22T09:11:51","slug":"internationella-ogonpatologpriset-till-professor-tero-kivela","status":"publish","type":"post","link":"https:\/\/www.silmasaatio.fi\/sv\/internationella-ogonpatologpriset-till-professor-tero-kivela\/","title":{"rendered":"Internationella \u00f6gonpatologpriset till professor Tero Kivel\u00e4"},"content":{"rendered":"<p><img loading=\"lazy\" decoding=\"async\" class=\"alignnone size-full wp-image-301\" src=\"https:\/\/www.silmasaatio.fi\/wpc\/uploads\/2024\/11\/Tero-140222.jpg\" alt=\"\" width=\"960\" height=\"500\" srcset=\"https:\/\/www.silmasaatio.fi\/wpc\/uploads\/2024\/11\/Tero-140222.jpg 960w, https:\/\/www.silmasaatio.fi\/wpc\/uploads\/2024\/11\/Tero-140222-300x156.jpg 300w, https:\/\/www.silmasaatio.fi\/wpc\/uploads\/2024\/11\/Tero-140222-768x400.jpg 768w, https:\/\/www.silmasaatio.fi\/wpc\/uploads\/2024\/11\/Tero-140222-90x47.jpg 90w\" sizes=\"auto, (max-width: 960px) 100vw, 960px\" \/><\/p>\n<blockquote><p>Paraplyorganisationen f\u00f6r V\u00e4rldens \u00f6gonl\u00e4karf\u00f6reningar International Council of Ophthalmology (ICO) har beviljat till \u00f6verl\u00e4kare vid \u00f6gonsjukdomar vid HUS och professorn vid \u00f6gonsjukdomar vid Helsingfors universitet Tero Kivel\u00e4 ett internationellt \u00f6gonpatologiskt pris p\u00e5 20 000 dollar.<\/p><\/blockquote>\n<p>Priset har sedan 2006 tilldelats en ansedd \u00f6gonpatolog vart fj\u00e4rde \u00e5r f\u00f6r s\u00e4rskilda meriter som forskare p\u00e5 omr\u00e5det och f\u00f6r ett betydande fr\u00e4mjande av branschen.<\/p>\n<p>Som \u00f6gonpatologer fungerar specialister p\u00e5\u00a0<a class=\"bold-link\" href=\"https:\/\/sv.wikipedia.org\/wiki\/Patologi\" target=\"_blank\" rel=\"noopener\">patologi<\/a>\u00a0och\u00a0<a class=\"bold-link\" href=\"https:\/\/www.sankterik.se\/sv-se\/om-oss\/jobba-hos-oss\/yrken-inom-ogonsjukvarden\" target=\"_blank\" rel=\"noopener\">specialistl\u00e4kare i \u00f6gonsjukdomar<\/a>.<\/p>\n<h2>L\u00e5ng erfarenhet av \u00f6gonpatologi i bakgrunden<\/h2>\n<p>Tero Kivel\u00e4 disputerade 1987 som medicine och kirurgie doktor i\u00a0<a class=\"bold-link\" href=\"https:\/\/sv.wikipedia.org\/wiki\/Retinoblastom\" target=\"_blank\" rel=\"noopener\">n\u00e4thinnecancer<\/a>\u00a0hos barn och har sedan 1995 varit chef f\u00f6r landets enda \u00f6gonpatologilabb. Han \u00e4r ocks\u00e5 \u00f6gonpatologkonsult \u00e5t HUSLAB.<\/p>\n<p>Kivel\u00e4 har varit ordf\u00f6rande f\u00f6r avdelningen f\u00f6r \u00f6gonpatologi i styrelsen f\u00f6r European Association for Vision and Eye Research 2001 \u2013 2005 och 2010, v\u00e4rd f\u00f6r en gemensam kongress mellan amerikanska och europeiska \u00f6gonpatologf\u00f6reningar i Helsingfors 2011 och ordf\u00f6rande f\u00f6r Europeiska \u00f6gonpatologf\u00f6reningen 2017\u20132021.<\/p>\n<p>Han har \u00e4ven arbetat med bl.a. American Academy of Ophthalmologys l\u00e4robok om \u00f6gonpatologi och den vetenskapliga serien Ophthalmic Pathology and Oncology, samt redakt\u00f6r f\u00f6r den patologiska klassificeringen av \u00f6gontum\u00f6rer vid V\u00e4rldsh\u00e4lsoorganisationen.<\/p>\n<p><img loading=\"lazy\" decoding=\"async\" class=\"alignnone wp-image-345\" src=\"https:\/\/www.silmasaatio.fi\/wpc\/uploads\/2024\/11\/Kivela_Tero_NOK-profiili.png\" alt=\"\" width=\"225\" height=\"321\" srcset=\"https:\/\/www.silmasaatio.fi\/wpc\/uploads\/2024\/11\/Kivela_Tero_NOK-profiili.png 418w, https:\/\/www.silmasaatio.fi\/wpc\/uploads\/2024\/11\/Kivela_Tero_NOK-profiili-210x300.png 210w, https:\/\/www.silmasaatio.fi\/wpc\/uploads\/2024\/11\/Kivela_Tero_NOK-profiili-63x90.png 63w\" sizes=\"auto, (max-width: 225px) 100vw, 225px\" \/><\/p>\n<p><em>Professor Tero Kivel\u00e4<\/em><\/p>\n","protected":false},"excerpt":{"rendered":"<p>Paraplyorganisationen f\u00f6r V\u00e4rldens \u00f6gonl\u00e4karf\u00f6reningar International Council of Ophthalmology (ICO) har beviljat till \u00f6verl\u00e4kare vid \u00f6gonsjukdomar vid HUS och professorn vid \u00f6gonsjukdomar vid Helsingfors universitet Tero&#8230;<\/p>\n","protected":false},"author":1,"featured_media":302,"comment_status":"closed","ping_status":"closed","sticky":false,"template":"","format":"standard","meta":{"footnotes":""},"categories":[4],"tags":[],"class_list":["post-538","post","type-post","status-publish","format-standard","has-post-thumbnail","hentry","category-aktuell"],"yoast_head":"<!-- This site is optimized with the Yoast SEO plugin v27.2 - https:\/\/yoast.com\/product\/yoast-seo-wordpress\/ -->\n<title>Internationella \u00f6gonpatologpriset till professor Tero Kivel\u00e4 - Silm\u00e4s\u00e4\u00e4ti\u00f6<\/title>\n<meta name=\"robots\" content=\"index, follow, max-snippet:-1, max-image-preview:large, max-video-preview:-1\" \/>\n<link rel=\"canonical\" href=\"https:\/\/www.silmasaatio.fi\/sv\/internationella-ogonpatologpriset-till-professor-tero-kivela\/\" \/>\n<meta property=\"og:locale\" content=\"sv_SE\" \/>\n<meta property=\"og:type\" content=\"article\" \/>\n<meta property=\"og:title\" content=\"Internationella \u00f6gonpatologpriset till professor Tero Kivel\u00e4 - Silm\u00e4s\u00e4\u00e4ti\u00f6\" \/>\n<meta property=\"og:description\" content=\"Paraplyorganisationen f\u00f6r V\u00e4rldens \u00f6gonl\u00e4karf\u00f6reningar International Council of Ophthalmology (ICO) har beviljat till \u00f6verl\u00e4kare vid \u00f6gonsjukdomar vid HUS och professorn vid \u00f6gonsjukdomar vid Helsingfors universitet Tero...\" \/>\n<meta property=\"og:url\" content=\"https:\/\/www.silmasaatio.fi\/sv\/internationella-ogonpatologpriset-till-professor-tero-kivela\/\" \/>\n<meta property=\"og:site_name\" content=\"Silm\u00e4s\u00e4\u00e4ti\u00f6\" \/>\n<meta property=\"article:published_time\" content=\"2022-02-16T12:49:13+00:00\" \/>\n<meta property=\"article:modified_time\" content=\"2024-11-22T09:11:51+00:00\" \/>\n<meta property=\"og:image\" content=\"https:\/\/www.silmasaatio.fi\/wpc\/uploads\/2024\/11\/Tero-140222.jpg\" \/>\n\t<meta property=\"og:image:width\" content=\"960\" \/>\n\t<meta property=\"og:image:height\" content=\"500\" \/>\n\t<meta property=\"og:image:type\" content=\"image\/jpeg\" \/>\n<meta name=\"author\" content=\"su\" \/>\n<meta name=\"twitter:card\" content=\"summary_large_image\" \/>\n<meta name=\"twitter:label1\" content=\"Written by\" \/>\n\t<meta name=\"twitter:data1\" content=\"su\" \/>\n\t<meta name=\"twitter:label2\" content=\"Est. reading time\" \/>\n\t<meta name=\"twitter:data2\" content=\"2 minutes\" \/>\n<script type=\"application\/ld+json\" class=\"yoast-schema-graph\">{\"@context\":\"https:\/\/schema.org\",\"@graph\":[{\"@type\":\"Article\",\"@id\":\"https:\/\/www.silmasaatio.fi\/sv\/internationella-ogonpatologpriset-till-professor-tero-kivela\/#article\",\"isPartOf\":{\"@id\":\"https:\/\/www.silmasaatio.fi\/sv\/internationella-ogonpatologpriset-till-professor-tero-kivela\/\"},\"author\":{\"name\":\"su\",\"@id\":\"https:\/\/www.silmasaatio.fi\/sv\/#\/schema\/person\/b9268c24e1d24489d028b8b79d7c6271\"},\"headline\":\"Internationella \u00f6gonpatologpriset till professor Tero Kivel\u00e4\",\"datePublished\":\"2022-02-16T12:49:13+00:00\",\"dateModified\":\"2024-11-22T09:11:51+00:00\",\"mainEntityOfPage\":{\"@id\":\"https:\/\/www.silmasaatio.fi\/sv\/internationella-ogonpatologpriset-till-professor-tero-kivela\/\"},\"wordCount\":207,\"publisher\":{\"@id\":\"https:\/\/www.silmasaatio.fi\/sv\/#organization\"},\"image\":{\"@id\":\"https:\/\/www.silmasaatio.fi\/sv\/internationella-ogonpatologpriset-till-professor-tero-kivela\/#primaryimage\"},\"thumbnailUrl\":\"https:\/\/www.silmasaatio.fi\/wpc\/uploads\/2024\/11\/Tero-140222.jpg\",\"articleSection\":[\"Aktuell\"],\"inLanguage\":\"sv-SE\"},{\"@type\":\"WebPage\",\"@id\":\"https:\/\/www.silmasaatio.fi\/sv\/internationella-ogonpatologpriset-till-professor-tero-kivela\/\",\"url\":\"https:\/\/www.silmasaatio.fi\/sv\/internationella-ogonpatologpriset-till-professor-tero-kivela\/\",\"name\":\"Internationella \u00f6gonpatologpriset till professor Tero Kivel\u00e4 - Silm\u00e4s\u00e4\u00e4ti\u00f6\",\"isPartOf\":{\"@id\":\"https:\/\/www.silmasaatio.fi\/sv\/#website\"},\"primaryImageOfPage\":{\"@id\":\"https:\/\/www.silmasaatio.fi\/sv\/internationella-ogonpatologpriset-till-professor-tero-kivela\/#primaryimage\"},\"image\":{\"@id\":\"https:\/\/www.silmasaatio.fi\/sv\/internationella-ogonpatologpriset-till-professor-tero-kivela\/#primaryimage\"},\"thumbnailUrl\":\"https:\/\/www.silmasaatio.fi\/wpc\/uploads\/2024\/11\/Tero-140222.jpg\",\"datePublished\":\"2022-02-16T12:49:13+00:00\",\"dateModified\":\"2024-11-22T09:11:51+00:00\",\"breadcrumb\":{\"@id\":\"https:\/\/www.silmasaatio.fi\/sv\/internationella-ogonpatologpriset-till-professor-tero-kivela\/#breadcrumb\"},\"inLanguage\":\"sv-SE\",\"potentialAction\":[{\"@type\":\"ReadAction\",\"target\":[\"https:\/\/www.silmasaatio.fi\/sv\/internationella-ogonpatologpriset-till-professor-tero-kivela\/\"]}]},{\"@type\":\"ImageObject\",\"inLanguage\":\"sv-SE\",\"@id\":\"https:\/\/www.silmasaatio.fi\/sv\/internationella-ogonpatologpriset-till-professor-tero-kivela\/#primaryimage\",\"url\":\"https:\/\/www.silmasaatio.fi\/wpc\/uploads\/2024\/11\/Tero-140222.jpg\",\"contentUrl\":\"https:\/\/www.silmasaatio.fi\/wpc\/uploads\/2024\/11\/Tero-140222.jpg\",\"width\":960,\"height\":500},{\"@type\":\"BreadcrumbList\",\"@id\":\"https:\/\/www.silmasaatio.fi\/sv\/internationella-ogonpatologpriset-till-professor-tero-kivela\/#breadcrumb\",\"itemListElement\":[{\"@type\":\"ListItem\",\"position\":1,\"name\":\"Etusivu\",\"item\":\"https:\/\/www.silmasaatio.fi\/sv\/\"},{\"@type\":\"ListItem\",\"position\":2,\"name\":\"Internationella \u00f6gonpatologpriset till professor Tero Kivel\u00e4\"}]},{\"@type\":\"WebSite\",\"@id\":\"https:\/\/www.silmasaatio.fi\/sv\/#website\",\"url\":\"https:\/\/www.silmasaatio.fi\/sv\/\",\"name\":\"Silm\u00e4s\u00e4\u00e4ti\u00f6\",\"description\":\"Edist\u00e4mme ja tuemme silmien terveyteen liittyv\u00e4\u00e4 tieteellist\u00e4 tutkimusta\",\"publisher\":{\"@id\":\"https:\/\/www.silmasaatio.fi\/sv\/#organization\"},\"potentialAction\":[{\"@type\":\"SearchAction\",\"target\":{\"@type\":\"EntryPoint\",\"urlTemplate\":\"https:\/\/www.silmasaatio.fi\/sv\/?s={search_term_string}\"},\"query-input\":{\"@type\":\"PropertyValueSpecification\",\"valueRequired\":true,\"valueName\":\"search_term_string\"}}],\"inLanguage\":\"sv-SE\"},{\"@type\":\"Organization\",\"@id\":\"https:\/\/www.silmasaatio.fi\/sv\/#organization\",\"name\":\"Silm\u00e4s\u00e4\u00e4ti\u00f6\",\"url\":\"https:\/\/www.silmasaatio.fi\/sv\/\",\"logo\":{\"@type\":\"ImageObject\",\"inLanguage\":\"sv-SE\",\"@id\":\"https:\/\/www.silmasaatio.fi\/sv\/#\/schema\/logo\/image\/\",\"url\":\"https:\/\/www.silmasaatio.fi\/wpc\/uploads\/2024\/11\/favicon.png\",\"contentUrl\":\"https:\/\/www.silmasaatio.fi\/wpc\/uploads\/2024\/11\/favicon.png\",\"width\":512,\"height\":512,\"caption\":\"Silm\u00e4s\u00e4\u00e4ti\u00f6\"},\"image\":{\"@id\":\"https:\/\/www.silmasaatio.fi\/sv\/#\/schema\/logo\/image\/\"}},{\"@type\":\"Person\",\"@id\":\"https:\/\/www.silmasaatio.fi\/sv\/#\/schema\/person\/b9268c24e1d24489d028b8b79d7c6271\",\"name\":\"su\",\"image\":{\"@type\":\"ImageObject\",\"inLanguage\":\"sv-SE\",\"@id\":\"https:\/\/secure.gravatar.com\/avatar\/9ea0ea9562f9c3656a6c78a58dcaa80a810673d21d9c28a03e848e53b2f4bc9e?s=96&d=mm&r=g\",\"url\":\"https:\/\/secure.gravatar.com\/avatar\/9ea0ea9562f9c3656a6c78a58dcaa80a810673d21d9c28a03e848e53b2f4bc9e?s=96&d=mm&r=g\",\"contentUrl\":\"https:\/\/secure.gravatar.com\/avatar\/9ea0ea9562f9c3656a6c78a58dcaa80a810673d21d9c28a03e848e53b2f4bc9e?s=96&d=mm&r=g\",\"caption\":\"su\"},\"sameAs\":[\"https:\/\/www.silmasaatio.fi\"]}]}<\/script>\n<!-- \/ Yoast SEO plugin. -->","yoast_head_json":{"title":"Internationella \u00f6gonpatologpriset till professor Tero Kivel\u00e4 - Silm\u00e4s\u00e4\u00e4ti\u00f6","robots":{"index":"index","follow":"follow","max-snippet":"max-snippet:-1","max-image-preview":"max-image-preview:large","max-video-preview":"max-video-preview:-1"},"canonical":"https:\/\/www.silmasaatio.fi\/sv\/internationella-ogonpatologpriset-till-professor-tero-kivela\/","og_locale":"sv_SE","og_type":"article","og_title":"Internationella \u00f6gonpatologpriset till professor Tero Kivel\u00e4 - Silm\u00e4s\u00e4\u00e4ti\u00f6","og_description":"Paraplyorganisationen f\u00f6r V\u00e4rldens \u00f6gonl\u00e4karf\u00f6reningar International Council of Ophthalmology (ICO) har beviljat till \u00f6verl\u00e4kare vid \u00f6gonsjukdomar vid HUS och professorn vid \u00f6gonsjukdomar vid Helsingfors universitet Tero...","og_url":"https:\/\/www.silmasaatio.fi\/sv\/internationella-ogonpatologpriset-till-professor-tero-kivela\/","og_site_name":"Silm\u00e4s\u00e4\u00e4ti\u00f6","article_published_time":"2022-02-16T12:49:13+00:00","article_modified_time":"2024-11-22T09:11:51+00:00","og_image":[{"width":960,"height":500,"url":"https:\/\/www.silmasaatio.fi\/wpc\/uploads\/2024\/11\/Tero-140222.jpg","type":"image\/jpeg"}],"author":"su","twitter_card":"summary_large_image","twitter_misc":{"Written by":"su","Est. reading time":"2 minutes"},"schema":{"@context":"https:\/\/schema.org","@graph":[{"@type":"Article","@id":"https:\/\/www.silmasaatio.fi\/sv\/internationella-ogonpatologpriset-till-professor-tero-kivela\/#article","isPartOf":{"@id":"https:\/\/www.silmasaatio.fi\/sv\/internationella-ogonpatologpriset-till-professor-tero-kivela\/"},"author":{"name":"su","@id":"https:\/\/www.silmasaatio.fi\/sv\/#\/schema\/person\/b9268c24e1d24489d028b8b79d7c6271"},"headline":"Internationella \u00f6gonpatologpriset till professor Tero Kivel\u00e4","datePublished":"2022-02-16T12:49:13+00:00","dateModified":"2024-11-22T09:11:51+00:00","mainEntityOfPage":{"@id":"https:\/\/www.silmasaatio.fi\/sv\/internationella-ogonpatologpriset-till-professor-tero-kivela\/"},"wordCount":207,"publisher":{"@id":"https:\/\/www.silmasaatio.fi\/sv\/#organization"},"image":{"@id":"https:\/\/www.silmasaatio.fi\/sv\/internationella-ogonpatologpriset-till-professor-tero-kivela\/#primaryimage"},"thumbnailUrl":"https:\/\/www.silmasaatio.fi\/wpc\/uploads\/2024\/11\/Tero-140222.jpg","articleSection":["Aktuell"],"inLanguage":"sv-SE"},{"@type":"WebPage","@id":"https:\/\/www.silmasaatio.fi\/sv\/internationella-ogonpatologpriset-till-professor-tero-kivela\/","url":"https:\/\/www.silmasaatio.fi\/sv\/internationella-ogonpatologpriset-till-professor-tero-kivela\/","name":"Internationella \u00f6gonpatologpriset till professor Tero Kivel\u00e4 - Silm\u00e4s\u00e4\u00e4ti\u00f6","isPartOf":{"@id":"https:\/\/www.silmasaatio.fi\/sv\/#website"},"primaryImageOfPage":{"@id":"https:\/\/www.silmasaatio.fi\/sv\/internationella-ogonpatologpriset-till-professor-tero-kivela\/#primaryimage"},"image":{"@id":"https:\/\/www.silmasaatio.fi\/sv\/internationella-ogonpatologpriset-till-professor-tero-kivela\/#primaryimage"},"thumbnailUrl":"https:\/\/www.silmasaatio.fi\/wpc\/uploads\/2024\/11\/Tero-140222.jpg","datePublished":"2022-02-16T12:49:13+00:00","dateModified":"2024-11-22T09:11:51+00:00","breadcrumb":{"@id":"https:\/\/www.silmasaatio.fi\/sv\/internationella-ogonpatologpriset-till-professor-tero-kivela\/#breadcrumb"},"inLanguage":"sv-SE","potentialAction":[{"@type":"ReadAction","target":["https:\/\/www.silmasaatio.fi\/sv\/internationella-ogonpatologpriset-till-professor-tero-kivela\/"]}]},{"@type":"ImageObject","inLanguage":"sv-SE","@id":"https:\/\/www.silmasaatio.fi\/sv\/internationella-ogonpatologpriset-till-professor-tero-kivela\/#primaryimage","url":"https:\/\/www.silmasaatio.fi\/wpc\/uploads\/2024\/11\/Tero-140222.jpg","contentUrl":"https:\/\/www.silmasaatio.fi\/wpc\/uploads\/2024\/11\/Tero-140222.jpg","width":960,"height":500},{"@type":"BreadcrumbList","@id":"https:\/\/www.silmasaatio.fi\/sv\/internationella-ogonpatologpriset-till-professor-tero-kivela\/#breadcrumb","itemListElement":[{"@type":"ListItem","position":1,"name":"Etusivu","item":"https:\/\/www.silmasaatio.fi\/sv\/"},{"@type":"ListItem","position":2,"name":"Internationella \u00f6gonpatologpriset till professor Tero Kivel\u00e4"}]},{"@type":"WebSite","@id":"https:\/\/www.silmasaatio.fi\/sv\/#website","url":"https:\/\/www.silmasaatio.fi\/sv\/","name":"Silm\u00e4s\u00e4\u00e4ti\u00f6","description":"Edist\u00e4mme ja tuemme silmien terveyteen liittyv\u00e4\u00e4 tieteellist\u00e4 tutkimusta","publisher":{"@id":"https:\/\/www.silmasaatio.fi\/sv\/#organization"},"potentialAction":[{"@type":"SearchAction","target":{"@type":"EntryPoint","urlTemplate":"https:\/\/www.silmasaatio.fi\/sv\/?s={search_term_string}"},"query-input":{"@type":"PropertyValueSpecification","valueRequired":true,"valueName":"search_term_string"}}],"inLanguage":"sv-SE"},{"@type":"Organization","@id":"https:\/\/www.silmasaatio.fi\/sv\/#organization","name":"Silm\u00e4s\u00e4\u00e4ti\u00f6","url":"https:\/\/www.silmasaatio.fi\/sv\/","logo":{"@type":"ImageObject","inLanguage":"sv-SE","@id":"https:\/\/www.silmasaatio.fi\/sv\/#\/schema\/logo\/image\/","url":"https:\/\/www.silmasaatio.fi\/wpc\/uploads\/2024\/11\/favicon.png","contentUrl":"https:\/\/www.silmasaatio.fi\/wpc\/uploads\/2024\/11\/favicon.png","width":512,"height":512,"caption":"Silm\u00e4s\u00e4\u00e4ti\u00f6"},"image":{"@id":"https:\/\/www.silmasaatio.fi\/sv\/#\/schema\/logo\/image\/"}},{"@type":"Person","@id":"https:\/\/www.silmasaatio.fi\/sv\/#\/schema\/person\/b9268c24e1d24489d028b8b79d7c6271","name":"su","image":{"@type":"ImageObject","inLanguage":"sv-SE","@id":"https:\/\/secure.gravatar.com\/avatar\/9ea0ea9562f9c3656a6c78a58dcaa80a810673d21d9c28a03e848e53b2f4bc9e?s=96&d=mm&r=g","url":"https:\/\/secure.gravatar.com\/avatar\/9ea0ea9562f9c3656a6c78a58dcaa80a810673d21d9c28a03e848e53b2f4bc9e?s=96&d=mm&r=g","contentUrl":"https:\/\/secure.gravatar.com\/avatar\/9ea0ea9562f9c3656a6c78a58dcaa80a810673d21d9c28a03e848e53b2f4bc9e?s=96&d=mm&r=g","caption":"su"},"sameAs":["https:\/\/www.silmasaatio.fi"]}]}},"_links":{"self":[{"href":"https:\/\/www.silmasaatio.fi\/sv\/wp-json\/wp\/v2\/posts\/538","targetHints":{"allow":["GET"]}}],"collection":[{"href":"https:\/\/www.silmasaatio.fi\/sv\/wp-json\/wp\/v2\/posts"}],"about":[{"href":"https:\/\/www.silmasaatio.fi\/sv\/wp-json\/wp\/v2\/types\/post"}],"author":[{"embeddable":true,"href":"https:\/\/www.silmasaatio.fi\/sv\/wp-json\/wp\/v2\/users\/1"}],"replies":[{"embeddable":true,"href":"https:\/\/www.silmasaatio.fi\/sv\/wp-json\/wp\/v2\/comments?post=538"}],"version-history":[{"count":0,"href":"https:\/\/www.silmasaatio.fi\/sv\/wp-json\/wp\/v2\/posts\/538\/revisions"}],"wp:featuredmedia":[{"embeddable":true,"href":"https:\/\/www.silmasaatio.fi\/sv\/wp-json\/wp\/v2\/media\/302"}],"wp:attachment":[{"href":"https:\/\/www.silmasaatio.fi\/sv\/wp-json\/wp\/v2\/media?parent=538"}],"wp:term":[{"taxonomy":"category","embeddable":true,"href":"https:\/\/www.silmasaatio.fi\/sv\/wp-json\/wp\/v2\/categories?post=538"},{"taxonomy":"post_tag","embeddable":true,"href":"https:\/\/www.silmasaatio.fi\/sv\/wp-json\/wp\/v2\/tags?post=538"}],"curies":[{"name":"wp","href":"https:\/\/api.w.org\/{rel}","templated":true}]}}