{"id":565,"date":"2020-06-23T11:52:47","date_gmt":"2020-06-23T08:52:47","guid":{"rendered":"https:\/\/www.silmasaatio.fi\/?p=565"},"modified":"2024-11-22T11:54:17","modified_gmt":"2024-11-22T09:54:17","slug":"verksamhetsberattelse-ar-2019","status":"publish","type":"post","link":"https:\/\/www.silmasaatio.fi\/sv\/verksamhetsberattelse-ar-2019\/","title":{"rendered":"Verksamhetsber\u00e4ttelse \u00e5r 2019"},"content":{"rendered":"<h2>Verksamhetsber\u00e4ttelse \u00e5r 2019<\/h2>\n<p>STIFTELSENS 60:E VERKSAMHETS\u00c5R<\/p>\n<p>Silm\u00e4s\u00e4\u00e4ti\u00f6s syfte \u00e4r att fr\u00e4mja och st\u00f6dja vetenskaplig forskning i \u00f6gonsjukdomar, \u00f6gonskador och \u00f6gonfel. F\u00f6r att verkst\u00e4lla syftet har stiftelsen utdelat stipendier under \u00e5r 2019. Silm\u00e4s\u00e4\u00e4ti\u00f6 \u00e4r medlem i Stiftelsernas och fondernas delegation.<\/p>\n<h3>Stiftelsens stipendier<\/h3>\n<p>Hos stiftelsen s\u00f6ktes stipendier f\u00f6r totalt\u00a0<strong>876 085 euro<\/strong>\u00a0och\u00a0<strong>344 950 euro<\/strong>\u00a0utdelades till<strong>\u00a023 forskare<\/strong>.<\/p>\n<p>De stipendier som beviljades f\u00f6rdelades enligt f\u00f6ljande:<\/p>\n<ul class=\"check-list\">\n<li>stora projektstipendier (h\u00f6gst 50 000), sex stycken<\/li>\n<li>stipendier f\u00f6r 2\u20133 \u00e5r (h\u00f6gst 15 000 euro), nio stycken<\/li>\n<li>stipendier f\u00f6r ett \u00e5r (h\u00f6gst 15 000), sex stycken<\/li>\n<li>prisstipendier (h\u00f6gst 3 000 euro), tv\u00e5 stycken<\/li>\n<\/ul>\n<p>Fokus i beviljade stipendier flyttades i enlighet med stiftelsens m\u00e5l till fler\u00e5riga stipendier.<\/p>\n<p>Stiftelsen ordnade utdelning av stipendier den 21 november 2019 i Biomedicums f\u00f6rel\u00e4sningssal. Stipendier utdelades av ordf\u00f6rande f\u00f6r stiftelsens delegation Jyrki Liljeroos och stiftelsens ombud Roy Siljam\u00e4ki.<\/p>\n<p>Vid utdelningen h\u00f6lls en presentation av stipendiemottagaren, professorn i \u00f6gonsjukdomar Kai Kaarniranta. \u00c4mnet f\u00f6r presentationen:\u00a0<strong>\u201dHur makuladegeneration i \u00f6gonbottnen kan hindras och bromsas upp\u201d<\/strong><\/p>\n<p><strong>Stipendier som beviljats \u00e5r 2019\u00a0<\/strong><strong>kan hittas<\/strong><strong>\u00a0p\u00e5 sidan\u00a0<\/strong><a href=\"https:\/\/www.silmasaatio.fi\/sv\/silmasaatio\/verksamhetsberattelse\/verksamhetsberattelse-2019\/\" target=\"_blank\" rel=\"noopener noreferrer\">Stipendier<\/a><\/p>\n<h3>Donationer<\/h3>\n<p>Under \u00e5ret mottog stiftelsen totalt\u00a0<strong>3 160 euro<\/strong>\u00a0av f\u00f6ljande donatorer:<\/p>\n<p><a class=\"bold-link\" href=\"http:\/\/www.marygeorg.fi\/saatio.html\">Mary och Georg C Ehrnrooths Stiftelse<\/a>\u00a02.000 euro<br \/>\n<a class=\"bold-link\" href=\"http:\/\/ww2.santen.eu\/fi\/Pages\/default.aspx\">Santen Abp\u00a0<\/a>1.000 euro<br \/>\nPrivata donatorer 160 euro<\/p>\n<h3>Ekonomi<\/h3>\n<p>Slutsumman i stiftelsens balansr\u00e4kning \u00e5r 2019 var 16 847 646,36 euro och marknadsv\u00e4rdet p\u00e5 stiftelsens placeringstillg\u00e5ngar cirka\u00a0<strong>18,6 miljoner euro<\/strong>. Marknadsv\u00e4rdet p\u00e5 hela placeringsportf\u00f6ljen steg 11,05 procent inklusive f\u00f6rvaltningkostnader och betalda stipendier. Alla tillg\u00e5ngsslag avkastade bra \u00e5r 2019.<\/p>\n<p>I slutet av \u00e5ret var 64,1 procent av stiftelsens placeringstillg\u00e5ngar placerade p\u00e5 aktiemarknaden, 8,8 procent p\u00e5 r\u00e4ntemarknaden, 10,5 procent i fastighetsfonder, 8,0 procent i skogsfonder och 5,4 procent i alternativa placeringar. 3,2 procent fanns i kassan.<\/p>\n<p>R\u00e4kenskapsperiodens resultat inklusive sj\u00e4lvt\u00e4ckande fonder var 1 676 870,63 euro.<\/p>\n<p>I Silm\u00e4s\u00e4\u00e4ti\u00f6s balansr\u00e4kning har hittills separat redovisats den sj\u00e4lvt\u00e4ckande\u00a0<strong>M\u00e4rta och Aarne Koskelos fond. Fonden har nu upptagits i stiftelsens balansr\u00e4kning.<\/strong>\u00a0Fondens tillg\u00e5ngar och skulder har upptagits i stiftelsens motsvarande balansposter och fondens eget kapital har lagts till som en separat M\u00e4rta och Aarne Koskelos fond till stiftelsens eget kapital. Styrelsen har bed\u00f6mt grunderna f\u00f6r sammanf\u00f6randet och konstaterat att fondens syfte \u00e4r f\u00f6renligt med stiftelsens syfte och att fondens urkund inte hindrar att fonden f\u00f6renas med stiftelsens balansr\u00e4kning. Fondens placeringsverksamhet har alltid sk\u00f6tts enhetligt med stiftelsens \u00f6vriga placeringsverksamhet och till fonden har h\u00e4nf\u00f6rts en andel motsvarande dess kapital av stiftelsens allm\u00e4nna kostnader. Sammanf\u00f6randet med stiftelsens balansr\u00e4kning p\u00e5verkar inte utdelningen av stipendier fr\u00e5n M\u00e4rta och Aarne Koskelos fond utan \u00e4ven det h\u00e4r g\u00f6rs i enlighet med grundarnas vilja.<\/p>\n<h3>F\u00f6rvaltning<\/h3>\n<h4>Till delegationen h\u00f6r:<\/h4>\n<p>Kommerser\u00e5d Jyrki Liljeroos,\u00a0ordf\u00f6rande, mandatperioden upph\u00f6r \u00e5r 2021<br \/>\nProfessor Leila Laatikainen, vice ordf\u00f6rande, mandatperioden upph\u00f6r \u00e5r 2021<\/p>\n<p>Professor Juhani H\u00e4rm\u00e4, mandatperioden upph\u00f6r \u00e5r 2022<br \/>\nProfessor Ilkka Immonen, mandatperioden upph\u00f6r \u00e5r 2022<br \/>\nBergsr\u00e5d Matti Kavetvuo, mandatperioden upph\u00f6r \u00e5r 2022<br \/>\nProfessor Ilkka Raivio, mandatperioden upph\u00f6r \u00e5r 2020<br \/>\nViceh\u00e4radsh\u00f6vding Harrieth Rydberg, mandatperioden upph\u00f6r \u00e5r 2022<br \/>\nProfessor Hannu Sariola, mandatperioden upph\u00f6r \u00e5r 2022<br \/>\nProfessor Ahti Tarkkanen, mandatperioden upph\u00f6r \u00e5r 2020<br \/>\nStyrelsens ordf\u00f6rande Raimo Voipio, mandatperioden upph\u00f6r \u00e5r 2020<\/p>\n<p>Delegationens mandatperiod \u00e4r tre \u00e5r.<\/p>\n<p>Delegationens medlemmar betalas inga arvoden.<\/p>\n<p>\u00c5rsm\u00f6tet f\u00f6r stiftelsens delegation h\u00f6lls den 20 mars i Biomedicum.<\/p>\n<h4>Till styrelsen h\u00f6r:<\/h4>\n<p>Professor Tero Kivel\u00e4, ordf\u00f6rande, medlem sedan \u00e5r 2003, mandatperioden upph\u00f6r \u00e5r 2021<br \/>\nEM Heikki Ala-Ilkka, vice ordf\u00f6rande, medlem sedan \u00e5r 2012, mandatperioden upph\u00f6r \u00e5r 2020<\/p>\n<p>Docent Anna Majander, medlem sedan \u00e5r 2017, mandatperioden upph\u00f6r \u00e5r 2020<br \/>\nDocent Jukka Moilanen, medlem sedan \u00e5r 2019, mandatperioden upph\u00f6r \u00e5r 2022<br \/>\nEM Arto Meitsalo, medlem sedan \u00e5r 2014, mandatperioden upph\u00f6r \u00e5r 2022<br \/>\nEM, juris kandidat Pauliina Rannikko, medlem sedan \u00e5r 2015, mandatperioden upph\u00f6r \u00e5r 2021<\/p>\n<p>Styrelsens medlemmar har en mandatperiod p\u00e5 tre \u00e5r.<br \/>\nTill styrelsens medlemmar betalas inga arvoden.<br \/>\nStiftelsens styrelse h\u00f6ll sju m\u00f6ten under \u00e5ret.<\/p>\n<h4>Silm\u00e4s\u00e4\u00e4ti\u00f6s revisor:<\/h4>\n<p>Stiftelsens revisor \u00e5r 2019 var revisionssamfundet BDO Oy, och ansvarig revisor CGR, OFGR Ari Lehto.<\/p>\n<h4>Silm\u00e4s\u00e4\u00e4ti\u00f6s ombud och ekonomif\u00f6rvaltningspersonal:<\/h4>\n<p>Stiftelsens ombud p\u00e5 deltid var politices magister Roy Siljam\u00e4ki. Stiftelsens kontor fanns p\u00e5 Salomonsgatan 17 A, 00100 Helsingfors.<\/p>\n<h4>Stiftelsens bokf\u00f6rare \u00e4r fr\u00e5n b\u00f6rjan av \u00e5r 2015 Tiliaktiiva Oy.<\/h4>\n<p><strong>\u00a0<\/strong><strong>Silm\u00e4s\u00e4\u00e4ti\u00f6s doktorforskarpool<\/strong><\/p>\n<p>I januari 2019\u00a0<strong>grundade fem stiftelser som st\u00f6der forskning i \u00f6gonsjukdomar<\/strong>\u00a0en\u00a0<a href=\"http:\/\/ssttp.fi\/fi\/start\/\"><strong>doktorforskarpool<\/strong><\/a>\u00a0f\u00f6r att st\u00f6da forskning i \u00f6gonsjukdomar.<br \/>\nI poolen ing\u00e5r f\u00f6ljande stiftelser:<\/p>\n<p><a href=\"http:\/\/www.nissinsaatio.fi\/\"><strong>Evald ja Hilda Nissin s\u00e4\u00e4ti\u00f6<\/strong><\/a><br \/>\n<a href=\"http:\/\/www.foundationweb.net\/glaukooma\/index.html\"><strong>Glaukooma Tukis\u00e4\u00e4ti\u00f6 LUX<\/strong><\/a><strong><br \/>\n<\/strong><a href=\"http:\/\/www.marygeorg.fi\/saatio.html\"><strong>Mary och Georg C. Ehrnroths stiftelse<\/strong><\/a><br \/>\n<a href=\"http:\/\/www.silmakudossaatio.fi\/\"><strong>Silm\u00e4- ja kudospankkis\u00e4\u00e4ti\u00f6<\/strong><\/a><strong><br \/>\nSilm\u00e4s\u00e4\u00e4ti\u00f6<\/strong><\/p>\n<p>Doktorforskarpoolen \u00e4r avsedd att fr\u00e4mja \u00f6gonforskarnas forskningsarbete utomlands efter doktorsexamen i medicin, filosofi eller annan disciplin. Stipendium kan beviljas en ung forskande l\u00e4kare eller en annan \u00f6gonforskare som doktorerat, f\u00f6r klinisk forskning eller grundforskning.<\/p>\n<p>V\u00e5ren 2019 beviljade doktorforskarpoolen det f\u00f6rsta stipendiet p\u00e5 48 000 till filosofie doktor Tatu Lajunen. \u00c4mnet f\u00f6r hans forskning \u00e4r: Valoaktivoitavat silm\u00e4l\u00e4\u00e4kkeenkantajat kontrolloituun l\u00e4\u00e4kkeenvapautukseen: in vivo (Ljusaktiverade \u00f6gonl\u00e4kemedelsb\u00e4rare i kontrollerad l\u00e4kemedelsfris\u00e4ttning: in vivo). Forskningen genomf\u00f6rs vid Tokyo University of Pharmacy &amp; Life Sciences.<\/p>\n<p><strong>H\u00e4ndelser i n\u00e4rst\u00e5endekretsen:<\/strong><\/p>\n<p>Till stiftelsens ombud har betalats l\u00f6n och f\u00f6rm\u00e5ner 33 654,37 euro.<\/p>\n<p>Till n\u00e4rst\u00e5endekretsen har inte beviljats stipendier.<\/p>\n<h2>Utsikter f\u00f6r \u00e5r 2020<\/h2>\n<p>Inga f\u00f6r\u00e4ndringar \u00e4r att v\u00e4nta i stiftelsens grunduppgift, det vill s\u00e4ga forskning i \u00f6gonsjukdomar. Silm\u00e4s\u00e4\u00e4ti\u00f6s nya webbplats lanseras v\u00e5ren 2020. Under \u00e5ret satsar vi s\u00e4rskilt p\u00e5 extern kommunikation och medelinsamling.<\/p>\n","protected":false},"excerpt":{"rendered":"<p>Verksamhetsber\u00e4ttelse \u00e5r 2019 STIFTELSENS 60:E VERKSAMHETS\u00c5R Silm\u00e4s\u00e4\u00e4ti\u00f6s syfte \u00e4r att fr\u00e4mja och st\u00f6dja vetenskaplig forskning i \u00f6gonsjukdomar, \u00f6gonskador och \u00f6gonfel. F\u00f6r att verkst\u00e4lla syftet har&#8230;<\/p>\n","protected":false},"author":1,"featured_media":0,"comment_status":"closed","ping_status":"closed","sticky":false,"template":"","format":"standard","meta":{"footnotes":""},"categories":[4],"tags":[],"class_list":["post-565","post","type-post","status-publish","format-standard","hentry","category-aktuell"],"yoast_head":"<!-- This site is optimized with the Yoast SEO plugin v27.2 - https:\/\/yoast.com\/product\/yoast-seo-wordpress\/ -->\n<title>Verksamhetsber\u00e4ttelse \u00e5r 2019 - Silm\u00e4s\u00e4\u00e4ti\u00f6<\/title>\n<meta name=\"robots\" content=\"index, follow, max-snippet:-1, max-image-preview:large, max-video-preview:-1\" \/>\n<link rel=\"canonical\" href=\"https:\/\/www.silmasaatio.fi\/sv\/verksamhetsberattelse-ar-2019\/\" \/>\n<meta property=\"og:locale\" content=\"sv_SE\" \/>\n<meta property=\"og:type\" content=\"article\" \/>\n<meta property=\"og:title\" content=\"Verksamhetsber\u00e4ttelse \u00e5r 2019 - Silm\u00e4s\u00e4\u00e4ti\u00f6\" \/>\n<meta property=\"og:description\" content=\"Verksamhetsber\u00e4ttelse \u00e5r 2019 STIFTELSENS 60:E VERKSAMHETS\u00c5R Silm\u00e4s\u00e4\u00e4ti\u00f6s syfte \u00e4r att fr\u00e4mja och st\u00f6dja vetenskaplig forskning i \u00f6gonsjukdomar, \u00f6gonskador och \u00f6gonfel. F\u00f6r att verkst\u00e4lla syftet har...\" \/>\n<meta property=\"og:url\" content=\"https:\/\/www.silmasaatio.fi\/sv\/verksamhetsberattelse-ar-2019\/\" \/>\n<meta property=\"og:site_name\" content=\"Silm\u00e4s\u00e4\u00e4ti\u00f6\" \/>\n<meta property=\"article:published_time\" content=\"2020-06-23T08:52:47+00:00\" \/>\n<meta property=\"article:modified_time\" content=\"2024-11-22T09:54:17+00:00\" \/>\n<meta property=\"og:image\" content=\"https:\/\/www.silmasaatio.fi\/wpc\/uploads\/2024\/11\/Some-FB-1200x630px.png\" \/>\n\t<meta property=\"og:image:width\" content=\"1200\" \/>\n\t<meta property=\"og:image:height\" content=\"630\" \/>\n\t<meta property=\"og:image:type\" content=\"image\/png\" \/>\n<meta name=\"author\" content=\"su\" \/>\n<meta name=\"twitter:card\" content=\"summary_large_image\" \/>\n<meta name=\"twitter:label1\" content=\"Written by\" \/>\n\t<meta name=\"twitter:data1\" content=\"su\" \/>\n\t<meta name=\"twitter:label2\" content=\"Est. reading time\" \/>\n\t<meta name=\"twitter:data2\" content=\"6 minutes\" \/>\n<script type=\"application\/ld+json\" class=\"yoast-schema-graph\">{\"@context\":\"https:\/\/schema.org\",\"@graph\":[{\"@type\":\"Article\",\"@id\":\"https:\/\/www.silmasaatio.fi\/sv\/verksamhetsberattelse-ar-2019\/#article\",\"isPartOf\":{\"@id\":\"https:\/\/www.silmasaatio.fi\/sv\/verksamhetsberattelse-ar-2019\/\"},\"author\":{\"name\":\"su\",\"@id\":\"https:\/\/www.silmasaatio.fi\/sv\/#\/schema\/person\/b9268c24e1d24489d028b8b79d7c6271\"},\"headline\":\"Verksamhetsber\u00e4ttelse \u00e5r 2019\",\"datePublished\":\"2020-06-23T08:52:47+00:00\",\"dateModified\":\"2024-11-22T09:54:17+00:00\",\"mainEntityOfPage\":{\"@id\":\"https:\/\/www.silmasaatio.fi\/sv\/verksamhetsberattelse-ar-2019\/\"},\"wordCount\":917,\"publisher\":{\"@id\":\"https:\/\/www.silmasaatio.fi\/sv\/#organization\"},\"articleSection\":[\"Aktuell\"],\"inLanguage\":\"sv-SE\"},{\"@type\":\"WebPage\",\"@id\":\"https:\/\/www.silmasaatio.fi\/sv\/verksamhetsberattelse-ar-2019\/\",\"url\":\"https:\/\/www.silmasaatio.fi\/sv\/verksamhetsberattelse-ar-2019\/\",\"name\":\"Verksamhetsber\u00e4ttelse \u00e5r 2019 - Silm\u00e4s\u00e4\u00e4ti\u00f6\",\"isPartOf\":{\"@id\":\"https:\/\/www.silmasaatio.fi\/sv\/#website\"},\"datePublished\":\"2020-06-23T08:52:47+00:00\",\"dateModified\":\"2024-11-22T09:54:17+00:00\",\"breadcrumb\":{\"@id\":\"https:\/\/www.silmasaatio.fi\/sv\/verksamhetsberattelse-ar-2019\/#breadcrumb\"},\"inLanguage\":\"sv-SE\",\"potentialAction\":[{\"@type\":\"ReadAction\",\"target\":[\"https:\/\/www.silmasaatio.fi\/sv\/verksamhetsberattelse-ar-2019\/\"]}]},{\"@type\":\"BreadcrumbList\",\"@id\":\"https:\/\/www.silmasaatio.fi\/sv\/verksamhetsberattelse-ar-2019\/#breadcrumb\",\"itemListElement\":[{\"@type\":\"ListItem\",\"position\":1,\"name\":\"Etusivu\",\"item\":\"https:\/\/www.silmasaatio.fi\/sv\/\"},{\"@type\":\"ListItem\",\"position\":2,\"name\":\"Verksamhetsber\u00e4ttelse \u00e5r 2019\"}]},{\"@type\":\"WebSite\",\"@id\":\"https:\/\/www.silmasaatio.fi\/sv\/#website\",\"url\":\"https:\/\/www.silmasaatio.fi\/sv\/\",\"name\":\"Silm\u00e4s\u00e4\u00e4ti\u00f6\",\"description\":\"Edist\u00e4mme ja tuemme silmien terveyteen liittyv\u00e4\u00e4 tieteellist\u00e4 tutkimusta\",\"publisher\":{\"@id\":\"https:\/\/www.silmasaatio.fi\/sv\/#organization\"},\"potentialAction\":[{\"@type\":\"SearchAction\",\"target\":{\"@type\":\"EntryPoint\",\"urlTemplate\":\"https:\/\/www.silmasaatio.fi\/sv\/?s={search_term_string}\"},\"query-input\":{\"@type\":\"PropertyValueSpecification\",\"valueRequired\":true,\"valueName\":\"search_term_string\"}}],\"inLanguage\":\"sv-SE\"},{\"@type\":\"Organization\",\"@id\":\"https:\/\/www.silmasaatio.fi\/sv\/#organization\",\"name\":\"Silm\u00e4s\u00e4\u00e4ti\u00f6\",\"url\":\"https:\/\/www.silmasaatio.fi\/sv\/\",\"logo\":{\"@type\":\"ImageObject\",\"inLanguage\":\"sv-SE\",\"@id\":\"https:\/\/www.silmasaatio.fi\/sv\/#\/schema\/logo\/image\/\",\"url\":\"https:\/\/www.silmasaatio.fi\/wpc\/uploads\/2024\/11\/favicon.png\",\"contentUrl\":\"https:\/\/www.silmasaatio.fi\/wpc\/uploads\/2024\/11\/favicon.png\",\"width\":512,\"height\":512,\"caption\":\"Silm\u00e4s\u00e4\u00e4ti\u00f6\"},\"image\":{\"@id\":\"https:\/\/www.silmasaatio.fi\/sv\/#\/schema\/logo\/image\/\"}},{\"@type\":\"Person\",\"@id\":\"https:\/\/www.silmasaatio.fi\/sv\/#\/schema\/person\/b9268c24e1d24489d028b8b79d7c6271\",\"name\":\"su\",\"image\":{\"@type\":\"ImageObject\",\"inLanguage\":\"sv-SE\",\"@id\":\"https:\/\/secure.gravatar.com\/avatar\/9ea0ea9562f9c3656a6c78a58dcaa80a810673d21d9c28a03e848e53b2f4bc9e?s=96&d=mm&r=g\",\"url\":\"https:\/\/secure.gravatar.com\/avatar\/9ea0ea9562f9c3656a6c78a58dcaa80a810673d21d9c28a03e848e53b2f4bc9e?s=96&d=mm&r=g\",\"contentUrl\":\"https:\/\/secure.gravatar.com\/avatar\/9ea0ea9562f9c3656a6c78a58dcaa80a810673d21d9c28a03e848e53b2f4bc9e?s=96&d=mm&r=g\",\"caption\":\"su\"},\"sameAs\":[\"https:\/\/www.silmasaatio.fi\"]}]}<\/script>\n<!-- \/ Yoast SEO plugin. -->","yoast_head_json":{"title":"Verksamhetsber\u00e4ttelse \u00e5r 2019 - Silm\u00e4s\u00e4\u00e4ti\u00f6","robots":{"index":"index","follow":"follow","max-snippet":"max-snippet:-1","max-image-preview":"max-image-preview:large","max-video-preview":"max-video-preview:-1"},"canonical":"https:\/\/www.silmasaatio.fi\/sv\/verksamhetsberattelse-ar-2019\/","og_locale":"sv_SE","og_type":"article","og_title":"Verksamhetsber\u00e4ttelse \u00e5r 2019 - Silm\u00e4s\u00e4\u00e4ti\u00f6","og_description":"Verksamhetsber\u00e4ttelse \u00e5r 2019 STIFTELSENS 60:E VERKSAMHETS\u00c5R Silm\u00e4s\u00e4\u00e4ti\u00f6s syfte \u00e4r att fr\u00e4mja och st\u00f6dja vetenskaplig forskning i \u00f6gonsjukdomar, \u00f6gonskador och \u00f6gonfel. F\u00f6r att verkst\u00e4lla syftet har...","og_url":"https:\/\/www.silmasaatio.fi\/sv\/verksamhetsberattelse-ar-2019\/","og_site_name":"Silm\u00e4s\u00e4\u00e4ti\u00f6","article_published_time":"2020-06-23T08:52:47+00:00","article_modified_time":"2024-11-22T09:54:17+00:00","og_image":[{"width":1200,"height":630,"url":"https:\/\/www.silmasaatio.fi\/wpc\/uploads\/2024\/11\/Some-FB-1200x630px.png","type":"image\/png"}],"author":"su","twitter_card":"summary_large_image","twitter_misc":{"Written by":"su","Est. reading time":"6 minutes"},"schema":{"@context":"https:\/\/schema.org","@graph":[{"@type":"Article","@id":"https:\/\/www.silmasaatio.fi\/sv\/verksamhetsberattelse-ar-2019\/#article","isPartOf":{"@id":"https:\/\/www.silmasaatio.fi\/sv\/verksamhetsberattelse-ar-2019\/"},"author":{"name":"su","@id":"https:\/\/www.silmasaatio.fi\/sv\/#\/schema\/person\/b9268c24e1d24489d028b8b79d7c6271"},"headline":"Verksamhetsber\u00e4ttelse \u00e5r 2019","datePublished":"2020-06-23T08:52:47+00:00","dateModified":"2024-11-22T09:54:17+00:00","mainEntityOfPage":{"@id":"https:\/\/www.silmasaatio.fi\/sv\/verksamhetsberattelse-ar-2019\/"},"wordCount":917,"publisher":{"@id":"https:\/\/www.silmasaatio.fi\/sv\/#organization"},"articleSection":["Aktuell"],"inLanguage":"sv-SE"},{"@type":"WebPage","@id":"https:\/\/www.silmasaatio.fi\/sv\/verksamhetsberattelse-ar-2019\/","url":"https:\/\/www.silmasaatio.fi\/sv\/verksamhetsberattelse-ar-2019\/","name":"Verksamhetsber\u00e4ttelse \u00e5r 2019 - Silm\u00e4s\u00e4\u00e4ti\u00f6","isPartOf":{"@id":"https:\/\/www.silmasaatio.fi\/sv\/#website"},"datePublished":"2020-06-23T08:52:47+00:00","dateModified":"2024-11-22T09:54:17+00:00","breadcrumb":{"@id":"https:\/\/www.silmasaatio.fi\/sv\/verksamhetsberattelse-ar-2019\/#breadcrumb"},"inLanguage":"sv-SE","potentialAction":[{"@type":"ReadAction","target":["https:\/\/www.silmasaatio.fi\/sv\/verksamhetsberattelse-ar-2019\/"]}]},{"@type":"BreadcrumbList","@id":"https:\/\/www.silmasaatio.fi\/sv\/verksamhetsberattelse-ar-2019\/#breadcrumb","itemListElement":[{"@type":"ListItem","position":1,"name":"Etusivu","item":"https:\/\/www.silmasaatio.fi\/sv\/"},{"@type":"ListItem","position":2,"name":"Verksamhetsber\u00e4ttelse \u00e5r 2019"}]},{"@type":"WebSite","@id":"https:\/\/www.silmasaatio.fi\/sv\/#website","url":"https:\/\/www.silmasaatio.fi\/sv\/","name":"Silm\u00e4s\u00e4\u00e4ti\u00f6","description":"Edist\u00e4mme ja tuemme silmien terveyteen liittyv\u00e4\u00e4 tieteellist\u00e4 tutkimusta","publisher":{"@id":"https:\/\/www.silmasaatio.fi\/sv\/#organization"},"potentialAction":[{"@type":"SearchAction","target":{"@type":"EntryPoint","urlTemplate":"https:\/\/www.silmasaatio.fi\/sv\/?s={search_term_string}"},"query-input":{"@type":"PropertyValueSpecification","valueRequired":true,"valueName":"search_term_string"}}],"inLanguage":"sv-SE"},{"@type":"Organization","@id":"https:\/\/www.silmasaatio.fi\/sv\/#organization","name":"Silm\u00e4s\u00e4\u00e4ti\u00f6","url":"https:\/\/www.silmasaatio.fi\/sv\/","logo":{"@type":"ImageObject","inLanguage":"sv-SE","@id":"https:\/\/www.silmasaatio.fi\/sv\/#\/schema\/logo\/image\/","url":"https:\/\/www.silmasaatio.fi\/wpc\/uploads\/2024\/11\/favicon.png","contentUrl":"https:\/\/www.silmasaatio.fi\/wpc\/uploads\/2024\/11\/favicon.png","width":512,"height":512,"caption":"Silm\u00e4s\u00e4\u00e4ti\u00f6"},"image":{"@id":"https:\/\/www.silmasaatio.fi\/sv\/#\/schema\/logo\/image\/"}},{"@type":"Person","@id":"https:\/\/www.silmasaatio.fi\/sv\/#\/schema\/person\/b9268c24e1d24489d028b8b79d7c6271","name":"su","image":{"@type":"ImageObject","inLanguage":"sv-SE","@id":"https:\/\/secure.gravatar.com\/avatar\/9ea0ea9562f9c3656a6c78a58dcaa80a810673d21d9c28a03e848e53b2f4bc9e?s=96&d=mm&r=g","url":"https:\/\/secure.gravatar.com\/avatar\/9ea0ea9562f9c3656a6c78a58dcaa80a810673d21d9c28a03e848e53b2f4bc9e?s=96&d=mm&r=g","contentUrl":"https:\/\/secure.gravatar.com\/avatar\/9ea0ea9562f9c3656a6c78a58dcaa80a810673d21d9c28a03e848e53b2f4bc9e?s=96&d=mm&r=g","caption":"su"},"sameAs":["https:\/\/www.silmasaatio.fi"]}]}},"_links":{"self":[{"href":"https:\/\/www.silmasaatio.fi\/sv\/wp-json\/wp\/v2\/posts\/565","targetHints":{"allow":["GET"]}}],"collection":[{"href":"https:\/\/www.silmasaatio.fi\/sv\/wp-json\/wp\/v2\/posts"}],"about":[{"href":"https:\/\/www.silmasaatio.fi\/sv\/wp-json\/wp\/v2\/types\/post"}],"author":[{"embeddable":true,"href":"https:\/\/www.silmasaatio.fi\/sv\/wp-json\/wp\/v2\/users\/1"}],"replies":[{"embeddable":true,"href":"https:\/\/www.silmasaatio.fi\/sv\/wp-json\/wp\/v2\/comments?post=565"}],"version-history":[{"count":0,"href":"https:\/\/www.silmasaatio.fi\/sv\/wp-json\/wp\/v2\/posts\/565\/revisions"}],"wp:attachment":[{"href":"https:\/\/www.silmasaatio.fi\/sv\/wp-json\/wp\/v2\/media?parent=565"}],"wp:term":[{"taxonomy":"category","embeddable":true,"href":"https:\/\/www.silmasaatio.fi\/sv\/wp-json\/wp\/v2\/categories?post=565"},{"taxonomy":"post_tag","embeddable":true,"href":"https:\/\/www.silmasaatio.fi\/sv\/wp-json\/wp\/v2\/tags?post=565"}],"curies":[{"name":"wp","href":"https:\/\/api.w.org\/{rel}","templated":true}]}}