{"id":590,"date":"2021-04-26T13:33:23","date_gmt":"2021-04-26T10:33:23","guid":{"rendered":"https:\/\/www.silmasaatio.fi\/levinnyt-suonikalvoston-melanooma-elina-rantala\/"},"modified":"2024-11-22T12:14:03","modified_gmt":"2024-11-22T10:14:03","slug":"utbrett-uvealt-melanom-elina-rantala","status":"publish","type":"post","link":"https:\/\/www.silmasaatio.fi\/sv\/utbrett-uvealt-melanom-elina-rantala\/","title":{"rendered":"Utbrett uvealt melanom"},"content":{"rendered":"<h4>Doktor Elina Rantala<\/h4>\n<p><img loading=\"lazy\" decoding=\"async\" class=\"alignnone size-full wp-image-304\" src=\"https:\/\/www.silmasaatio.fi\/wpc\/uploads\/2021\/04\/shutterstock_1726021492-Elinan-kuva-220421-valmis-e1619431653393.jpg\" alt=\"\" width=\"1380\" height=\"520\" srcset=\"https:\/\/www.silmasaatio.fi\/wpc\/uploads\/2021\/04\/shutterstock_1726021492-Elinan-kuva-220421-valmis-e1619431653393.jpg 1380w, https:\/\/www.silmasaatio.fi\/wpc\/uploads\/2021\/04\/shutterstock_1726021492-Elinan-kuva-220421-valmis-e1619431653393-300x113.jpg 300w, https:\/\/www.silmasaatio.fi\/wpc\/uploads\/2021\/04\/shutterstock_1726021492-Elinan-kuva-220421-valmis-e1619431653393-1024x386.jpg 1024w, https:\/\/www.silmasaatio.fi\/wpc\/uploads\/2021\/04\/shutterstock_1726021492-Elinan-kuva-220421-valmis-e1619431653393-768x289.jpg 768w, https:\/\/www.silmasaatio.fi\/wpc\/uploads\/2021\/04\/shutterstock_1726021492-Elinan-kuva-220421-valmis-e1619431653393-90x34.jpg 90w\" sizes=\"auto, (max-width: 1380px) 100vw, 1380px\" \/><\/p>\n<p>Uvealt melanom \u00e4r den vanligaste formen av \u00f6gonmelanom hos vuxna. I de nordiska l\u00e4nderna \u00e4r incidensen h\u00f6gst i v\u00e4rlden. Patientantalet \u00f6kar d\u00e5 Finlands befolkning \u00e5ldras och uvealt melanom blir vanligarere i takt med \u00e5ldern.<\/p>\n<p><strong>Elina\u00a0<\/strong><strong>Rantala<\/strong>, som \u00e4r medicine doktor, FEBO, specialistl\u00e4kare i \u00f6gonsjukdomar och forskare i Helsingfors universitet forskar i sin p\u00e5g\u00e5ende forskningen speciellt p\u00e5 screening och v\u00e5rdandet av metastaser. Modertum\u00f6ren kan i dagsl\u00e4get behandlas effektivt, men utmaningen \u00e4r att metastaserna kan sprida sig snabbt.<\/p>\n<p>F\u00f6r tillf\u00e4llet fokuserar doktor Rantala i sin\u00a0<a class=\"bold-link\" href=\"https:\/\/www.silmasaatio.fi\/sv\/utbrett-uvealt-melanom\/\">forskning<\/a>\u00a0i synnerhet p\u00e5 de patienter som efter att de f\u00e5tt sin diagnos levde l\u00e4ngre \u00e4n f\u00f6rv\u00e4ntat.<\/p>\n<p><img loading=\"lazy\" decoding=\"async\" class=\"alignnone wp-image-222\" src=\"https:\/\/www.silmasaatio.fi\/wpc\/uploads\/2024\/11\/Elina-Rantala-Silmatautien-erikoislaakari-silmakirurgi-tohtorikoulutettava.jpg\" alt=\"\" width=\"221\" height=\"332\" srcset=\"https:\/\/www.silmasaatio.fi\/wpc\/uploads\/2024\/11\/Elina-Rantala-Silmatautien-erikoislaakari-silmakirurgi-tohtorikoulutettava.jpg 1181w, https:\/\/www.silmasaatio.fi\/wpc\/uploads\/2024\/11\/Elina-Rantala-Silmatautien-erikoislaakari-silmakirurgi-tohtorikoulutettava-200x300.jpg 200w, https:\/\/www.silmasaatio.fi\/wpc\/uploads\/2024\/11\/Elina-Rantala-Silmatautien-erikoislaakari-silmakirurgi-tohtorikoulutettava-682x1024.jpg 682w, https:\/\/www.silmasaatio.fi\/wpc\/uploads\/2024\/11\/Elina-Rantala-Silmatautien-erikoislaakari-silmakirurgi-tohtorikoulutettava-768x1152.jpg 768w, https:\/\/www.silmasaatio.fi\/wpc\/uploads\/2024\/11\/Elina-Rantala-Silmatautien-erikoislaakari-silmakirurgi-tohtorikoulutettava-1024x1536.jpg 1024w, https:\/\/www.silmasaatio.fi\/wpc\/uploads\/2024\/11\/Elina-Rantala-Silmatautien-erikoislaakari-silmakirurgi-tohtorikoulutettava-60x90.jpg 60w\" sizes=\"auto, (max-width: 221px) 100vw, 221px\" \/><\/p>\n<p><em>Doktor Elina Rantala<\/em><\/p>\n","protected":false},"excerpt":{"rendered":"<p>Doktor Elina Rantala Uvealt melanom \u00e4r den vanligaste formen av \u00f6gonmelanom hos vuxna. I de nordiska l\u00e4nderna \u00e4r incidensen h\u00f6gst i v\u00e4rlden. Patientantalet \u00f6kar d\u00e5&#8230;<\/p>\n","protected":false},"author":1,"featured_media":223,"comment_status":"closed","ping_status":"closed","sticky":false,"template":"","format":"standard","meta":{"footnotes":""},"categories":[27],"tags":[],"class_list":["post-590","post","type-post","status-publish","format-standard","has-post-thumbnail","hentry","category-avslutade-forskningar"],"yoast_head":"<!-- This site is optimized with the Yoast SEO plugin v27.2 - https:\/\/yoast.com\/product\/yoast-seo-wordpress\/ -->\n<title>Utbrett uvealt melanom - Silm\u00e4s\u00e4\u00e4ti\u00f6<\/title>\n<meta name=\"robots\" content=\"index, follow, max-snippet:-1, max-image-preview:large, max-video-preview:-1\" \/>\n<link rel=\"canonical\" href=\"https:\/\/www.silmasaatio.fi\/sv\/utbrett-uvealt-melanom-elina-rantala\/\" \/>\n<meta property=\"og:locale\" content=\"sv_SE\" \/>\n<meta property=\"og:type\" content=\"article\" \/>\n<meta property=\"og:title\" content=\"Utbrett uvealt melanom - Silm\u00e4s\u00e4\u00e4ti\u00f6\" \/>\n<meta property=\"og:description\" content=\"Doktor Elina Rantala Uvealt melanom \u00e4r den vanligaste formen av \u00f6gonmelanom hos vuxna. I de nordiska l\u00e4nderna \u00e4r incidensen h\u00f6gst i v\u00e4rlden. Patientantalet \u00f6kar d\u00e5...\" \/>\n<meta property=\"og:url\" content=\"https:\/\/www.silmasaatio.fi\/sv\/utbrett-uvealt-melanom-elina-rantala\/\" \/>\n<meta property=\"og:site_name\" content=\"Silm\u00e4s\u00e4\u00e4ti\u00f6\" \/>\n<meta property=\"article:published_time\" content=\"2021-04-26T10:33:23+00:00\" \/>\n<meta property=\"article:modified_time\" content=\"2024-11-22T10:14:03+00:00\" \/>\n<meta property=\"og:image\" content=\"https:\/\/www.silmasaatio.fi\/wpc\/uploads\/2024\/11\/Elina-Rantala-Silmatautien-erikoislaakari-silmakirurgi-tohtorikoulutettava.jpg\" \/>\n\t<meta property=\"og:image:width\" content=\"1181\" \/>\n\t<meta property=\"og:image:height\" content=\"1772\" \/>\n\t<meta property=\"og:image:type\" content=\"image\/jpeg\" \/>\n<meta name=\"author\" content=\"su\" \/>\n<meta name=\"twitter:card\" content=\"summary_large_image\" \/>\n<meta name=\"twitter:label1\" content=\"Written by\" \/>\n\t<meta name=\"twitter:data1\" content=\"su\" \/>\n\t<meta name=\"twitter:label2\" content=\"Est. reading time\" \/>\n\t<meta name=\"twitter:data2\" content=\"2 minutes\" \/>\n<script type=\"application\/ld+json\" class=\"yoast-schema-graph\">{\"@context\":\"https:\/\/schema.org\",\"@graph\":[{\"@type\":\"Article\",\"@id\":\"https:\/\/www.silmasaatio.fi\/sv\/utbrett-uvealt-melanom-elina-rantala\/#article\",\"isPartOf\":{\"@id\":\"https:\/\/www.silmasaatio.fi\/sv\/utbrett-uvealt-melanom-elina-rantala\/\"},\"author\":{\"name\":\"su\",\"@id\":\"https:\/\/www.silmasaatio.fi\/sv\/#\/schema\/person\/b9268c24e1d24489d028b8b79d7c6271\"},\"headline\":\"Utbrett uvealt melanom\",\"datePublished\":\"2021-04-26T10:33:23+00:00\",\"dateModified\":\"2024-11-22T10:14:03+00:00\",\"mainEntityOfPage\":{\"@id\":\"https:\/\/www.silmasaatio.fi\/sv\/utbrett-uvealt-melanom-elina-rantala\/\"},\"wordCount\":124,\"publisher\":{\"@id\":\"https:\/\/www.silmasaatio.fi\/sv\/#organization\"},\"image\":{\"@id\":\"https:\/\/www.silmasaatio.fi\/sv\/utbrett-uvealt-melanom-elina-rantala\/#primaryimage\"},\"thumbnailUrl\":\"https:\/\/www.silmasaatio.fi\/wpc\/uploads\/2024\/11\/Elina-Rantala-Silmatautien-erikoislaakari-silmakirurgi-tohtorikoulutettava.jpg\",\"articleSection\":[\"Avslutade forskningar\"],\"inLanguage\":\"sv-SE\"},{\"@type\":\"WebPage\",\"@id\":\"https:\/\/www.silmasaatio.fi\/sv\/utbrett-uvealt-melanom-elina-rantala\/\",\"url\":\"https:\/\/www.silmasaatio.fi\/sv\/utbrett-uvealt-melanom-elina-rantala\/\",\"name\":\"Utbrett uvealt melanom - Silm\u00e4s\u00e4\u00e4ti\u00f6\",\"isPartOf\":{\"@id\":\"https:\/\/www.silmasaatio.fi\/sv\/#website\"},\"primaryImageOfPage\":{\"@id\":\"https:\/\/www.silmasaatio.fi\/sv\/utbrett-uvealt-melanom-elina-rantala\/#primaryimage\"},\"image\":{\"@id\":\"https:\/\/www.silmasaatio.fi\/sv\/utbrett-uvealt-melanom-elina-rantala\/#primaryimage\"},\"thumbnailUrl\":\"https:\/\/www.silmasaatio.fi\/wpc\/uploads\/2024\/11\/Elina-Rantala-Silmatautien-erikoislaakari-silmakirurgi-tohtorikoulutettava.jpg\",\"datePublished\":\"2021-04-26T10:33:23+00:00\",\"dateModified\":\"2024-11-22T10:14:03+00:00\",\"breadcrumb\":{\"@id\":\"https:\/\/www.silmasaatio.fi\/sv\/utbrett-uvealt-melanom-elina-rantala\/#breadcrumb\"},\"inLanguage\":\"sv-SE\",\"potentialAction\":[{\"@type\":\"ReadAction\",\"target\":[\"https:\/\/www.silmasaatio.fi\/sv\/utbrett-uvealt-melanom-elina-rantala\/\"]}]},{\"@type\":\"ImageObject\",\"inLanguage\":\"sv-SE\",\"@id\":\"https:\/\/www.silmasaatio.fi\/sv\/utbrett-uvealt-melanom-elina-rantala\/#primaryimage\",\"url\":\"https:\/\/www.silmasaatio.fi\/wpc\/uploads\/2024\/11\/Elina-Rantala-Silmatautien-erikoislaakari-silmakirurgi-tohtorikoulutettava.jpg\",\"contentUrl\":\"https:\/\/www.silmasaatio.fi\/wpc\/uploads\/2024\/11\/Elina-Rantala-Silmatautien-erikoislaakari-silmakirurgi-tohtorikoulutettava.jpg\",\"width\":1181,\"height\":1772},{\"@type\":\"BreadcrumbList\",\"@id\":\"https:\/\/www.silmasaatio.fi\/sv\/utbrett-uvealt-melanom-elina-rantala\/#breadcrumb\",\"itemListElement\":[{\"@type\":\"ListItem\",\"position\":1,\"name\":\"Etusivu\",\"item\":\"https:\/\/www.silmasaatio.fi\/sv\/\"},{\"@type\":\"ListItem\",\"position\":2,\"name\":\"Utbrett uvealt melanom\"}]},{\"@type\":\"WebSite\",\"@id\":\"https:\/\/www.silmasaatio.fi\/sv\/#website\",\"url\":\"https:\/\/www.silmasaatio.fi\/sv\/\",\"name\":\"Silm\u00e4s\u00e4\u00e4ti\u00f6\",\"description\":\"Edist\u00e4mme ja tuemme silmien terveyteen liittyv\u00e4\u00e4 tieteellist\u00e4 tutkimusta\",\"publisher\":{\"@id\":\"https:\/\/www.silmasaatio.fi\/sv\/#organization\"},\"potentialAction\":[{\"@type\":\"SearchAction\",\"target\":{\"@type\":\"EntryPoint\",\"urlTemplate\":\"https:\/\/www.silmasaatio.fi\/sv\/?s={search_term_string}\"},\"query-input\":{\"@type\":\"PropertyValueSpecification\",\"valueRequired\":true,\"valueName\":\"search_term_string\"}}],\"inLanguage\":\"sv-SE\"},{\"@type\":\"Organization\",\"@id\":\"https:\/\/www.silmasaatio.fi\/sv\/#organization\",\"name\":\"Silm\u00e4s\u00e4\u00e4ti\u00f6\",\"url\":\"https:\/\/www.silmasaatio.fi\/sv\/\",\"logo\":{\"@type\":\"ImageObject\",\"inLanguage\":\"sv-SE\",\"@id\":\"https:\/\/www.silmasaatio.fi\/sv\/#\/schema\/logo\/image\/\",\"url\":\"https:\/\/www.silmasaatio.fi\/wpc\/uploads\/2024\/11\/favicon.png\",\"contentUrl\":\"https:\/\/www.silmasaatio.fi\/wpc\/uploads\/2024\/11\/favicon.png\",\"width\":512,\"height\":512,\"caption\":\"Silm\u00e4s\u00e4\u00e4ti\u00f6\"},\"image\":{\"@id\":\"https:\/\/www.silmasaatio.fi\/sv\/#\/schema\/logo\/image\/\"}},{\"@type\":\"Person\",\"@id\":\"https:\/\/www.silmasaatio.fi\/sv\/#\/schema\/person\/b9268c24e1d24489d028b8b79d7c6271\",\"name\":\"su\",\"image\":{\"@type\":\"ImageObject\",\"inLanguage\":\"sv-SE\",\"@id\":\"https:\/\/secure.gravatar.com\/avatar\/9ea0ea9562f9c3656a6c78a58dcaa80a810673d21d9c28a03e848e53b2f4bc9e?s=96&d=mm&r=g\",\"url\":\"https:\/\/secure.gravatar.com\/avatar\/9ea0ea9562f9c3656a6c78a58dcaa80a810673d21d9c28a03e848e53b2f4bc9e?s=96&d=mm&r=g\",\"contentUrl\":\"https:\/\/secure.gravatar.com\/avatar\/9ea0ea9562f9c3656a6c78a58dcaa80a810673d21d9c28a03e848e53b2f4bc9e?s=96&d=mm&r=g\",\"caption\":\"su\"},\"sameAs\":[\"https:\/\/www.silmasaatio.fi\"]}]}<\/script>\n<!-- \/ Yoast SEO plugin. -->","yoast_head_json":{"title":"Utbrett uvealt melanom - Silm\u00e4s\u00e4\u00e4ti\u00f6","robots":{"index":"index","follow":"follow","max-snippet":"max-snippet:-1","max-image-preview":"max-image-preview:large","max-video-preview":"max-video-preview:-1"},"canonical":"https:\/\/www.silmasaatio.fi\/sv\/utbrett-uvealt-melanom-elina-rantala\/","og_locale":"sv_SE","og_type":"article","og_title":"Utbrett uvealt melanom - Silm\u00e4s\u00e4\u00e4ti\u00f6","og_description":"Doktor Elina Rantala Uvealt melanom \u00e4r den vanligaste formen av \u00f6gonmelanom hos vuxna. I de nordiska l\u00e4nderna \u00e4r incidensen h\u00f6gst i v\u00e4rlden. Patientantalet \u00f6kar d\u00e5...","og_url":"https:\/\/www.silmasaatio.fi\/sv\/utbrett-uvealt-melanom-elina-rantala\/","og_site_name":"Silm\u00e4s\u00e4\u00e4ti\u00f6","article_published_time":"2021-04-26T10:33:23+00:00","article_modified_time":"2024-11-22T10:14:03+00:00","og_image":[{"width":1181,"height":1772,"url":"https:\/\/www.silmasaatio.fi\/wpc\/uploads\/2024\/11\/Elina-Rantala-Silmatautien-erikoislaakari-silmakirurgi-tohtorikoulutettava.jpg","type":"image\/jpeg"}],"author":"su","twitter_card":"summary_large_image","twitter_misc":{"Written by":"su","Est. reading time":"2 minutes"},"schema":{"@context":"https:\/\/schema.org","@graph":[{"@type":"Article","@id":"https:\/\/www.silmasaatio.fi\/sv\/utbrett-uvealt-melanom-elina-rantala\/#article","isPartOf":{"@id":"https:\/\/www.silmasaatio.fi\/sv\/utbrett-uvealt-melanom-elina-rantala\/"},"author":{"name":"su","@id":"https:\/\/www.silmasaatio.fi\/sv\/#\/schema\/person\/b9268c24e1d24489d028b8b79d7c6271"},"headline":"Utbrett uvealt melanom","datePublished":"2021-04-26T10:33:23+00:00","dateModified":"2024-11-22T10:14:03+00:00","mainEntityOfPage":{"@id":"https:\/\/www.silmasaatio.fi\/sv\/utbrett-uvealt-melanom-elina-rantala\/"},"wordCount":124,"publisher":{"@id":"https:\/\/www.silmasaatio.fi\/sv\/#organization"},"image":{"@id":"https:\/\/www.silmasaatio.fi\/sv\/utbrett-uvealt-melanom-elina-rantala\/#primaryimage"},"thumbnailUrl":"https:\/\/www.silmasaatio.fi\/wpc\/uploads\/2024\/11\/Elina-Rantala-Silmatautien-erikoislaakari-silmakirurgi-tohtorikoulutettava.jpg","articleSection":["Avslutade forskningar"],"inLanguage":"sv-SE"},{"@type":"WebPage","@id":"https:\/\/www.silmasaatio.fi\/sv\/utbrett-uvealt-melanom-elina-rantala\/","url":"https:\/\/www.silmasaatio.fi\/sv\/utbrett-uvealt-melanom-elina-rantala\/","name":"Utbrett uvealt melanom - Silm\u00e4s\u00e4\u00e4ti\u00f6","isPartOf":{"@id":"https:\/\/www.silmasaatio.fi\/sv\/#website"},"primaryImageOfPage":{"@id":"https:\/\/www.silmasaatio.fi\/sv\/utbrett-uvealt-melanom-elina-rantala\/#primaryimage"},"image":{"@id":"https:\/\/www.silmasaatio.fi\/sv\/utbrett-uvealt-melanom-elina-rantala\/#primaryimage"},"thumbnailUrl":"https:\/\/www.silmasaatio.fi\/wpc\/uploads\/2024\/11\/Elina-Rantala-Silmatautien-erikoislaakari-silmakirurgi-tohtorikoulutettava.jpg","datePublished":"2021-04-26T10:33:23+00:00","dateModified":"2024-11-22T10:14:03+00:00","breadcrumb":{"@id":"https:\/\/www.silmasaatio.fi\/sv\/utbrett-uvealt-melanom-elina-rantala\/#breadcrumb"},"inLanguage":"sv-SE","potentialAction":[{"@type":"ReadAction","target":["https:\/\/www.silmasaatio.fi\/sv\/utbrett-uvealt-melanom-elina-rantala\/"]}]},{"@type":"ImageObject","inLanguage":"sv-SE","@id":"https:\/\/www.silmasaatio.fi\/sv\/utbrett-uvealt-melanom-elina-rantala\/#primaryimage","url":"https:\/\/www.silmasaatio.fi\/wpc\/uploads\/2024\/11\/Elina-Rantala-Silmatautien-erikoislaakari-silmakirurgi-tohtorikoulutettava.jpg","contentUrl":"https:\/\/www.silmasaatio.fi\/wpc\/uploads\/2024\/11\/Elina-Rantala-Silmatautien-erikoislaakari-silmakirurgi-tohtorikoulutettava.jpg","width":1181,"height":1772},{"@type":"BreadcrumbList","@id":"https:\/\/www.silmasaatio.fi\/sv\/utbrett-uvealt-melanom-elina-rantala\/#breadcrumb","itemListElement":[{"@type":"ListItem","position":1,"name":"Etusivu","item":"https:\/\/www.silmasaatio.fi\/sv\/"},{"@type":"ListItem","position":2,"name":"Utbrett uvealt melanom"}]},{"@type":"WebSite","@id":"https:\/\/www.silmasaatio.fi\/sv\/#website","url":"https:\/\/www.silmasaatio.fi\/sv\/","name":"Silm\u00e4s\u00e4\u00e4ti\u00f6","description":"Edist\u00e4mme ja tuemme silmien terveyteen liittyv\u00e4\u00e4 tieteellist\u00e4 tutkimusta","publisher":{"@id":"https:\/\/www.silmasaatio.fi\/sv\/#organization"},"potentialAction":[{"@type":"SearchAction","target":{"@type":"EntryPoint","urlTemplate":"https:\/\/www.silmasaatio.fi\/sv\/?s={search_term_string}"},"query-input":{"@type":"PropertyValueSpecification","valueRequired":true,"valueName":"search_term_string"}}],"inLanguage":"sv-SE"},{"@type":"Organization","@id":"https:\/\/www.silmasaatio.fi\/sv\/#organization","name":"Silm\u00e4s\u00e4\u00e4ti\u00f6","url":"https:\/\/www.silmasaatio.fi\/sv\/","logo":{"@type":"ImageObject","inLanguage":"sv-SE","@id":"https:\/\/www.silmasaatio.fi\/sv\/#\/schema\/logo\/image\/","url":"https:\/\/www.silmasaatio.fi\/wpc\/uploads\/2024\/11\/favicon.png","contentUrl":"https:\/\/www.silmasaatio.fi\/wpc\/uploads\/2024\/11\/favicon.png","width":512,"height":512,"caption":"Silm\u00e4s\u00e4\u00e4ti\u00f6"},"image":{"@id":"https:\/\/www.silmasaatio.fi\/sv\/#\/schema\/logo\/image\/"}},{"@type":"Person","@id":"https:\/\/www.silmasaatio.fi\/sv\/#\/schema\/person\/b9268c24e1d24489d028b8b79d7c6271","name":"su","image":{"@type":"ImageObject","inLanguage":"sv-SE","@id":"https:\/\/secure.gravatar.com\/avatar\/9ea0ea9562f9c3656a6c78a58dcaa80a810673d21d9c28a03e848e53b2f4bc9e?s=96&d=mm&r=g","url":"https:\/\/secure.gravatar.com\/avatar\/9ea0ea9562f9c3656a6c78a58dcaa80a810673d21d9c28a03e848e53b2f4bc9e?s=96&d=mm&r=g","contentUrl":"https:\/\/secure.gravatar.com\/avatar\/9ea0ea9562f9c3656a6c78a58dcaa80a810673d21d9c28a03e848e53b2f4bc9e?s=96&d=mm&r=g","caption":"su"},"sameAs":["https:\/\/www.silmasaatio.fi"]}]}},"_links":{"self":[{"href":"https:\/\/www.silmasaatio.fi\/sv\/wp-json\/wp\/v2\/posts\/590","targetHints":{"allow":["GET"]}}],"collection":[{"href":"https:\/\/www.silmasaatio.fi\/sv\/wp-json\/wp\/v2\/posts"}],"about":[{"href":"https:\/\/www.silmasaatio.fi\/sv\/wp-json\/wp\/v2\/types\/post"}],"author":[{"embeddable":true,"href":"https:\/\/www.silmasaatio.fi\/sv\/wp-json\/wp\/v2\/users\/1"}],"replies":[{"embeddable":true,"href":"https:\/\/www.silmasaatio.fi\/sv\/wp-json\/wp\/v2\/comments?post=590"}],"version-history":[{"count":0,"href":"https:\/\/www.silmasaatio.fi\/sv\/wp-json\/wp\/v2\/posts\/590\/revisions"}],"wp:featuredmedia":[{"embeddable":true,"href":"https:\/\/www.silmasaatio.fi\/sv\/wp-json\/wp\/v2\/media\/223"}],"wp:attachment":[{"href":"https:\/\/www.silmasaatio.fi\/sv\/wp-json\/wp\/v2\/media?parent=590"}],"wp:term":[{"taxonomy":"category","embeddable":true,"href":"https:\/\/www.silmasaatio.fi\/sv\/wp-json\/wp\/v2\/categories?post=590"},{"taxonomy":"post_tag","embeddable":true,"href":"https:\/\/www.silmasaatio.fi\/sv\/wp-json\/wp\/v2\/tags?post=590"}],"curies":[{"name":"wp","href":"https:\/\/api.w.org\/{rel}","templated":true}]}}